{"id":319,"date":"2019-09-25T22:44:27","date_gmt":"2019-09-25T20:44:27","guid":{"rendered":"https:\/\/alternativas.de\/?p=319"},"modified":"2019-09-25T22:44:27","modified_gmt":"2019-09-25T20:44:27","slug":"jubilaeums-cajamarquino-2018","status":"publish","type":"post","link":"https:\/\/alternativas.de\/?p=319","title":{"rendered":"Jubil\u00e4ums-CAJAMARQUINO 2018"},"content":{"rendered":"\n<p>Vor ziemlich genau 20 Jahren haben wir ALTERNATIVAS e.V. gegr\u00fcndet! Eine Jubil\u00e4umsfeier ist f\u00fcr das kommende Jahr geplant, wir m\u00f6chten aber schon jetzt den Anlass f\u00fcr einen R\u00fcckblick auf die Zeit nutzen. Viel Spa\u00df beim Lesen und Erinnern w\u00fcnscht Euch der Vorstand <\/p>\n\n\n\n<div class=\"wp-block-file\"><a href=\"https:\/\/alternativas.de\/wp-content\/uploads\/2019\/09\/Jubila\u0308ums-Cajamarquino-2018.pdf\">Jubila\u0308ums-Cajamarquino-2018<\/a><a href=\"https:\/\/alternativas.de\/wp-content\/uploads\/2019\/09\/Jubila\u0308ums-Cajamarquino-2018.pdf\" class=\"wp-block-file__button\" download>Herunterladen<\/a><\/div>\n\n\n\n<p><\/p>\n","protected":false},"excerpt":{"rendered":"<p>Vor ziemlich genau 20 Jahren haben wir ALTERNATIVAS e.V. gegr\u00fcndet! Eine Jubil\u00e4umsfeier ist f\u00fcr das kommende Jahr geplant, wir m\u00f6chten aber schon jetzt den Anlass f\u00fcr einen&hellip; <span class=\"read-more\"><a class=\"more-link\" href=\"https:\/\/alternativas.de\/?p=319\" rel=\"bookmark\"><span class=\"screen-reader-text\">&#8222;Jubil\u00e4ums-CAJAMARQUINO 2018&#8220;<\/span> weiterlesen<\/a><\/span><\/p>\n","protected":false},"author":1,"featured_media":0,"comment_status":"closed","ping_status":"closed","sticky":false,"template":"","format":"standard","meta":[],"categories":[1],"tags":[],"jetpack_featured_media_url":"","_links":{"self":[{"href":"https:\/\/alternativas.de\/index.php?rest_route=\/wp\/v2\/posts\/319"}],"collection":[{"href":"https:\/\/alternativas.de\/index.php?rest_route=\/wp\/v2\/posts"}],"about":[{"href":"https:\/\/alternativas.de\/index.php?rest_route=\/wp\/v2\/types\/post"}],"author":[{"embeddable":true,"href":"https:\/\/alternativas.de\/index.php?rest_route=\/wp\/v2\/users\/1"}],"replies":[{"embeddable":true,"href":"https:\/\/alternativas.de\/index.php?rest_route=%2Fwp%2Fv2%2Fcomments&post=319"}],"version-history":[{"count":2,"href":"https:\/\/alternativas.de\/index.php?rest_route=\/wp\/v2\/posts\/319\/revisions"}],"predecessor-version":[{"id":327,"href":"https:\/\/alternativas.de\/index.php?rest_route=\/wp\/v2\/posts\/319\/revisions\/327"}],"wp:attachment":[{"href":"https:\/\/alternativas.de\/index.php?rest_route=%2Fwp%2Fv2%2Fmedia&parent=319"}],"wp:term":[{"taxonomy":"category","embeddable":true,"href":"https:\/\/alternativas.de\/index.php?rest_route=%2Fwp%2Fv2%2Fcategories&post=319"},{"taxonomy":"post_tag","embeddable":true,"href":"https:\/\/alternativas.de\/index.php?rest_route=%2Fwp%2Fv2%2Ftags&post=319"}],"curies":[{"name":"wp","href":"https:\/\/api.w.org\/{rel}","templated":true}]}}