{"id":388,"date":"2024-01-23T20:35:15","date_gmt":"2024-01-23T19:35:15","guid":{"rendered":"https:\/\/alternativas.de\/?p=388"},"modified":"2025-06-01T16:53:48","modified_gmt":"2025-06-01T15:53:48","slug":"pro-interplast-seligenstadt-ermoeglicht-zwei-neue-projekte-bei-c-e-t-a","status":"publish","type":"post","link":"https:\/\/alternativas.de\/?p=388","title":{"rendered":"Mittagessen und Sexualaufkl\u00e4rung: Zwei Projekte bei C.E.T.A."},"content":{"rendered":"\n<p>Dank einer erneuten Folgespende durch den Verein <em>pro interplast Seligenstadt<\/em> an <em>Alternativas e.V.<\/em> k\u00f6nnen auch im Jahr 2025 zwei Projekte bei <em>C.E.T.A. <\/em>fortgef\u00fchrt werden: Das warme Mittagessen im \u201eComedor\u201c und das Projekt zur Sexualaufkl\u00e4rung und Verh\u00fctung.<\/p>\n\n\n\n<p><\/p>\n\n\n\n<p>Es wird also in diesem Jahr f\u00fcr alle Kinder \/ Jugendlichen, die regelm\u00e4\u00dfig das Projekt besuchen, bei <em>C.E.T.A. <\/em>jeden Freitag ein warmes Mittagsessen geben. Das Essen wird in der 2022 auf dem <em>C.E.T.A.<\/em>-Grundst\u00fcck errichteten Outdoor-K\u00fcche zubereitet. Beteiligung wird dabei gro\u00df geschrieben: Jedes Kind bringt zwei St\u00fcck Holz f\u00fcr den Betrieb der K\u00fcche mit, die M\u00fctter kochen nach einem Rotationsprinzip.<\/p>\n\n\n\n<figure class=\"wp-block-image size-full\"><img decoding=\"async\" loading=\"lazy\" width=\"1025\" height=\"139\" src=\"https:\/\/alternativas.de\/wp-content\/uploads\/2024\/01\/PI-logo-thumbnail_logo.jpg\" alt=\"\" class=\"wp-image-393\" srcset=\"https:\/\/alternativas.de\/wp-content\/uploads\/2024\/01\/PI-logo-thumbnail_logo.jpg 1025w, https:\/\/alternativas.de\/wp-content\/uploads\/2024\/01\/PI-logo-thumbnail_logo-300x41.jpg 300w, https:\/\/alternativas.de\/wp-content\/uploads\/2024\/01\/PI-logo-thumbnail_logo-768x104.jpg 768w\" sizes=\"(max-width: 1025px) 100vw, 1025px\" \/><\/figure>\n\n\n\n<p>Gleichfalls wird das Projekt zur Sexualaufkl\u00e4rung und Verh\u00fctung f\u00fcr dieses Jahr von <em>pro interplast<\/em> erneut weiter finanziert: Die Kooperation mit der Frauenklinik Familia Sana finden jeden Samstag offene Gespr\u00e4che mit den Jugendlichen des Projektes statt: Im Wechsel kommen die Mitarbeiterinnen der Klinik zu <em>C.E.T.A.<\/em> bzw. nimmt Rita die Jugendlichen mit in die Klinik, wo sie neben dem Gespr\u00e4chsangebot die M\u00f6glichkeit f\u00fcr notwendige Untersuchungen haben. So wird eine fundierte Sexualaufkl\u00e4rung nach und nach zum festen Bestandteil der Projektarbeit. Familia Sana stellt ihre Mitarbeiterinnen kostenlos zur Verf\u00fcgung, \u00fcber das Budget von <em>pro interplast<\/em> k\u00f6nnen nun auch in diesem Jahr die notwendigen Verh\u00fctungsmittel, Untersuchungen und Behandlungen bezahlt werden.<\/p>\n\n\n\n<p>Die ausf\u00fchrlichen Berichte aus den vergangenen Jahren zu der Arbeit in diesen beiden Projekten haben wir hier zum Nachlesen hinterlegt:<\/p>\n\n\n\n<div class=\"wp-block-file\"><a id=\"wp-block-file--media-69e6dc94-39c1-4f16-af1b-6d869618055a\" href=\"https:\/\/alternativas.de\/wp-content\/uploads\/2025\/06\/Bericht-ALTERNATIVAS-e.V.-und-C.E.T.A.-2024-1.pdf\">Bericht-ALTERNATIVAS-e.V.-und-C.E.T.A.-2024-1<\/a><a href=\"https:\/\/alternativas.de\/wp-content\/uploads\/2025\/06\/Bericht-ALTERNATIVAS-e.V.-und-C.E.T.A.-2024-1.pdf\" class=\"wp-block-file__button wp-element-button\" download aria-describedby=\"wp-block-file--media-69e6dc94-39c1-4f16-af1b-6d869618055a\">Herunterladen<\/a><\/div>\n\n\n\n<p><\/p>\n\n\n\n<div class=\"wp-block-file\"><a id=\"wp-block-file--media-129375f6-d31b-4f97-8332-ba838159791e\" href=\"https:\/\/alternativas.de\/wp-content\/uploads\/2025\/06\/Bericht-ALTERNATIVAS-e.V.-und-C.E.T.A.-2023-1.pdf\">Bericht-ALTERNATIVAS-e.V.-und-C.E.T.A.-2023-1<\/a><a href=\"https:\/\/alternativas.de\/wp-content\/uploads\/2025\/06\/Bericht-ALTERNATIVAS-e.V.-und-C.E.T.A.-2023-1.pdf\" class=\"wp-block-file__button wp-element-button\" download aria-describedby=\"wp-block-file--media-129375f6-d31b-4f97-8332-ba838159791e\">Herunterladen<\/a><\/div>\n\n\n\n<p><em>Pro interplast<\/em> ist ein gemeinn\u00fctziger Verein zur F\u00f6rderung medizinischer und sozialer Hilfe in Entwicklungsl\u00e4ndern und hat <em>Alternativas<\/em> bzw. <em>C.E.T.A.<\/em> bereits in der Vergangenheit mit signifikanten Spenden unterst\u00fctzt, aus denen u.a. die beiden Initiativen aufgesetzt werden konnten. <\/p>\n\n\n\n<p><a href=\"https:\/\/www.pro-interplast.de\/ ,\">https:\/\/www.pro-interplast.de\/ <\/a><\/p>\n\n\n\n<p><\/p>\n\n\n\n<p><\/p>\n\n\n\n<p><\/p>\n\n\n\n<p><\/p>\n","protected":false},"excerpt":{"rendered":"<p>Dank einer erneuten Folgespende durch den Verein pro interplast Seligenstadt an Alternativas e.V. k\u00f6nnen auch im Jahr 2025 zwei Projekte bei C.E.T.A. fortgef\u00fchrt werden: Das warme Mittagessen&hellip; <span class=\"read-more\"><a class=\"more-link\" href=\"https:\/\/alternativas.de\/?p=388\" rel=\"bookmark\"><span class=\"screen-reader-text\">&#8222;Mittagessen und Sexualaufkl\u00e4rung: Zwei Projekte bei C.E.T.A.&#8220;<\/span> weiterlesen<\/a><\/span><\/p>\n","protected":false},"author":2,"featured_media":0,"comment_status":"closed","ping_status":"closed","sticky":false,"template":"","format":"standard","meta":[],"categories":[1],"tags":[],"jetpack_featured_media_url":"","_links":{"self":[{"href":"https:\/\/alternativas.de\/index.php?rest_route=\/wp\/v2\/posts\/388"}],"collection":[{"href":"https:\/\/alternativas.de\/index.php?rest_route=\/wp\/v2\/posts"}],"about":[{"href":"https:\/\/alternativas.de\/index.php?rest_route=\/wp\/v2\/types\/post"}],"author":[{"embeddable":true,"href":"https:\/\/alternativas.de\/index.php?rest_route=\/wp\/v2\/users\/2"}],"replies":[{"embeddable":true,"href":"https:\/\/alternativas.de\/index.php?rest_route=%2Fwp%2Fv2%2Fcomments&post=388"}],"version-history":[{"count":18,"href":"https:\/\/alternativas.de\/index.php?rest_route=\/wp\/v2\/posts\/388\/revisions"}],"predecessor-version":[{"id":422,"href":"https:\/\/alternativas.de\/index.php?rest_route=\/wp\/v2\/posts\/388\/revisions\/422"}],"wp:attachment":[{"href":"https:\/\/alternativas.de\/index.php?rest_route=%2Fwp%2Fv2%2Fmedia&parent=388"}],"wp:term":[{"taxonomy":"category","embeddable":true,"href":"https:\/\/alternativas.de\/index.php?rest_route=%2Fwp%2Fv2%2Fcategories&post=388"},{"taxonomy":"post_tag","embeddable":true,"href":"https:\/\/alternativas.de\/index.php?rest_route=%2Fwp%2Fv2%2Ftags&post=388"}],"curies":[{"name":"wp","href":"https:\/\/api.w.org\/{rel}","templated":true}]}}